{"id":158,"date":"2014-05-23T21:40:07","date_gmt":"2014-05-23T21:40:07","guid":{"rendered":"http:\/\/cfa.cabrio-freunde-augsburg.de\/?p=158"},"modified":"2014-05-23T21:40:07","modified_gmt":"2014-05-23T21:40:07","slug":"cfa-gruendung","status":"publish","type":"post","link":"https:\/\/cfa.cabrio-freunde-augsburg.de\/?p=158","title":{"rendered":"CFA Gr\u00fcndung"},"content":{"rendered":"<p>Es ist vollbracht. Seit heute den 23.05. um 21:00 ist es soweit. Die Cabrio Freunde Augsburg sind nun offiziell ins Leben gerufen. Als Gr\u00fcndungsmitglieder waren mit dabei<\/p>\n<p>Heike<br \/>\nJochen<br \/>\nSybille<br \/>\nManfred<br \/>\nSusi<br \/>\nHans<br \/>\nKirsten<br \/>\nRoland<\/p>\n<p><a href=\"http:\/\/cfa.cabrio-freunde-augsburg.de\/wp-content\/uploads\/2014\/05\/DSC1469.jpg\"><img loading=\"lazy\" decoding=\"async\" class=\"alignnone size-large wp-image-159\" alt=\"_DSC1469\" src=\"http:\/\/cfa.cabrio-freunde-augsburg.de\/wp-content\/uploads\/2014\/05\/DSC1469-1024x683.jpg\" width=\"640\" height=\"426\" srcset=\"https:\/\/cfa.cabrio-freunde-augsburg.de\/wp-content\/uploads\/2014\/05\/DSC1469-1024x683.jpg 1024w, https:\/\/cfa.cabrio-freunde-augsburg.de\/wp-content\/uploads\/2014\/05\/DSC1469-300x200.jpg 300w, https:\/\/cfa.cabrio-freunde-augsburg.de\/wp-content\/uploads\/2014\/05\/DSC1469.jpg 1920w\" sizes=\"auto, (max-width: 640px) 100vw, 640px\" \/><\/a><\/p>\n<p>&nbsp;<\/p>\n<p>In gem\u00fctlicher Runde im Gasthof Adler in Bad W\u00f6rishofen beschlossen wir zuk\u00fcnftig gem\u00fctliche Cabrio Touren zu veranstalten.<\/p>\n<p>Mit den administrativen Aufgaben und als gleichberechtigte Vorst\u00e4nde wurden betraut:<\/p>\n<p>Heike als Terminkoordinatorin<br \/>\nManfred als Schatzmeister und Fotobeauftragter<br \/>\nRoland als Homepage Koordinator<\/p>\n<p>Wer immer zu uns dazu sto\u00dfen m\u00f6chte ist herzlich willkommen. Den Mitgliedsantrag gibt es auf der &#8222;Wer wird sind&#8220; Seite zum download.<\/p>\n<p>Dar\u00fcber hinaus wurden bereits die ersten Touren vereinbart. Davon mehr in den weiteren Blogs zu den Aktivit\u00e4ten <\/p>\n","protected":false},"excerpt":{"rendered":"<p>Es ist vollbracht. Seit heute den 23.05. um 21:00 ist es soweit. Die Cabrio Freunde Augsburg sind nun offiziell ins Leben gerufen. Als Gr\u00fcndungsmitglieder waren mit dabei Heike Jochen Sybille Manfred Susi Hans Kirsten Roland &nbsp; In gem\u00fctlicher Runde im &hellip; <a href=\"https:\/\/cfa.cabrio-freunde-augsburg.de\/?p=158\">Weiterlesen <span class=\"meta-nav\">&rarr;<\/span><\/a><\/p>\n","protected":false},"author":1,"featured_media":0,"comment_status":"open","ping_status":"open","sticky":false,"template":"","format":"gallery","meta":{"footnotes":""},"categories":[1,5],"tags":[],"class_list":["post-158","post","type-post","status-publish","format-gallery","hentry","category-uncategorized","category-stammtisch","post_format-post-format-gallery"],"_links":{"self":[{"href":"https:\/\/cfa.cabrio-freunde-augsburg.de\/index.php?rest_route=\/wp\/v2\/posts\/158","targetHints":{"allow":["GET"]}}],"collection":[{"href":"https:\/\/cfa.cabrio-freunde-augsburg.de\/index.php?rest_route=\/wp\/v2\/posts"}],"about":[{"href":"https:\/\/cfa.cabrio-freunde-augsburg.de\/index.php?rest_route=\/wp\/v2\/types\/post"}],"author":[{"embeddable":true,"href":"https:\/\/cfa.cabrio-freunde-augsburg.de\/index.php?rest_route=\/wp\/v2\/users\/1"}],"replies":[{"embeddable":true,"href":"https:\/\/cfa.cabrio-freunde-augsburg.de\/index.php?rest_route=%2Fwp%2Fv2%2Fcomments&post=158"}],"version-history":[{"count":1,"href":"https:\/\/cfa.cabrio-freunde-augsburg.de\/index.php?rest_route=\/wp\/v2\/posts\/158\/revisions"}],"predecessor-version":[{"id":160,"href":"https:\/\/cfa.cabrio-freunde-augsburg.de\/index.php?rest_route=\/wp\/v2\/posts\/158\/revisions\/160"}],"wp:attachment":[{"href":"https:\/\/cfa.cabrio-freunde-augsburg.de\/index.php?rest_route=%2Fwp%2Fv2%2Fmedia&parent=158"}],"wp:term":[{"taxonomy":"category","embeddable":true,"href":"https:\/\/cfa.cabrio-freunde-augsburg.de\/index.php?rest_route=%2Fwp%2Fv2%2Fcategories&post=158"},{"taxonomy":"post_tag","embeddable":true,"href":"https:\/\/cfa.cabrio-freunde-augsburg.de\/index.php?rest_route=%2Fwp%2Fv2%2Ftags&post=158"}],"curies":[{"name":"wp","href":"https:\/\/api.w.org\/{rel}","templated":true}]}}