{"id":1762,"date":"2017-05-01T15:41:05","date_gmt":"2017-05-01T15:41:05","guid":{"rendered":"http:\/\/cfa.cabrio-freunde-augsburg.de\/?p=1762"},"modified":"2017-05-02T05:19:21","modified_gmt":"2017-05-02T05:19:21","slug":"tour-grandes-alpes-2017","status":"publish","type":"post","link":"https:\/\/cfa.cabrio-freunde-augsburg.de\/?p=1762","title":{"rendered":"Tour Grandes Alpes 2017"},"content":{"rendered":"<p>Liebe Cabriofreunde,<\/p>\n<p>die Grandes Alpes Tour dieses Jahr hat nun endg\u00fcltige Formen angenommen. <\/p>\n<p>Start ist der 3. Juni, wie fast immer bei mir in K\u00f6nigsbrunn. Der erste Tag wird etwas langweilig verlaufen, denn wir werden Kilometer abreiten zum Genfer See. Dort ist das Hotel gebucht in Thonon les Baines. Falls wir schon fr\u00fch dort ankommen, dann k\u00f6nne wir uns ja noch ein wenig am Ufer des Genfer See&#8217;s die Zeit vertreiben. Am n\u00e4chsten Tag geht es dann in der Fr\u00fch aber schon richtig los. Wir haben 5 Tage Zeit f\u00fcr die 700 km nach Nizza, denn dort ist das Hotel vom 8. auf 9.6. ebenfalls bereits gebucht.<\/p>\n<p>Bis dahin lasst uns alle die Daumen dr\u00fccken, dass auch wirklich alle P\u00e4sse wie gewohnt ab dem 1.6. ihre Wintersperre aufgehoben haben.<\/p>\n","protected":false},"excerpt":{"rendered":"<p>Liebe Cabriofreunde, die Grandes Alpes Tour dieses Jahr hat nun endg\u00fcltige Formen angenommen. Start ist der 3. Juni, wie fast immer bei mir in K\u00f6nigsbrunn. Der erste Tag wird etwas langweilig verlaufen, denn wir werden Kilometer abreiten zum Genfer See. &hellip; <a href=\"https:\/\/cfa.cabrio-freunde-augsburg.de\/?p=1762\">Weiterlesen <span class=\"meta-nav\">&rarr;<\/span><\/a><\/p>\n","protected":false},"author":1,"featured_media":0,"comment_status":"open","ping_status":"open","sticky":false,"template":"","format":"gallery","meta":{"footnotes":""},"categories":[4],"tags":[],"class_list":["post-1762","post","type-post","status-publish","format-gallery","hentry","category-mehrtagesausfahrt","post_format-post-format-gallery"],"_links":{"self":[{"href":"https:\/\/cfa.cabrio-freunde-augsburg.de\/index.php?rest_route=\/wp\/v2\/posts\/1762","targetHints":{"allow":["GET"]}}],"collection":[{"href":"https:\/\/cfa.cabrio-freunde-augsburg.de\/index.php?rest_route=\/wp\/v2\/posts"}],"about":[{"href":"https:\/\/cfa.cabrio-freunde-augsburg.de\/index.php?rest_route=\/wp\/v2\/types\/post"}],"author":[{"embeddable":true,"href":"https:\/\/cfa.cabrio-freunde-augsburg.de\/index.php?rest_route=\/wp\/v2\/users\/1"}],"replies":[{"embeddable":true,"href":"https:\/\/cfa.cabrio-freunde-augsburg.de\/index.php?rest_route=%2Fwp%2Fv2%2Fcomments&post=1762"}],"version-history":[{"count":3,"href":"https:\/\/cfa.cabrio-freunde-augsburg.de\/index.php?rest_route=\/wp\/v2\/posts\/1762\/revisions"}],"predecessor-version":[{"id":1765,"href":"https:\/\/cfa.cabrio-freunde-augsburg.de\/index.php?rest_route=\/wp\/v2\/posts\/1762\/revisions\/1765"}],"wp:attachment":[{"href":"https:\/\/cfa.cabrio-freunde-augsburg.de\/index.php?rest_route=%2Fwp%2Fv2%2Fmedia&parent=1762"}],"wp:term":[{"taxonomy":"category","embeddable":true,"href":"https:\/\/cfa.cabrio-freunde-augsburg.de\/index.php?rest_route=%2Fwp%2Fv2%2Fcategories&post=1762"},{"taxonomy":"post_tag","embeddable":true,"href":"https:\/\/cfa.cabrio-freunde-augsburg.de\/index.php?rest_route=%2Fwp%2Fv2%2Ftags&post=1762"}],"curies":[{"name":"wp","href":"https:\/\/api.w.org\/{rel}","templated":true}]}}