{"id":1767,"date":"2017-05-31T19:31:53","date_gmt":"2017-05-31T19:31:53","guid":{"rendered":"http:\/\/cfa.cabrio-freunde-augsburg.de\/?p=1767"},"modified":"2017-05-31T19:32:45","modified_gmt":"2017-05-31T19:32:45","slug":"noch-2-tage-fuer-die-kurvenkratzer","status":"publish","type":"post","link":"https:\/\/cfa.cabrio-freunde-augsburg.de\/?p=1767","title":{"rendered":"Noch 2 Tage f\u00fcr die Kurvenkratzer"},"content":{"rendered":"<p>Jetzt nur noch 3 mal schlafen und dann geht es los \u00fcber die gro\u00dfen franz\u00f6sischen P\u00e4sse in Richtung Nizza.<\/p>\n<p>So wie es aussieht bleibt der Iseran als einziger Pass wohl geschlossen. Ich pr\u00fcfe t\u00e4glich, ob er auf Grund der aktuellen Warmphase beim Wetter nicht doch fr\u00fchrer \u00f6ffnet.<\/p>\n<p>Nichts desto trotz habe ich mit Manfred eine Alternative ausgearbeitet, die auch sehr interessant ist und nur so vor Kurven strotzt.<\/p>\n<p>Das Navi ist bereit, das Auto ist betankt, der Wetterbericht l\u00e4sst Gutes erhoffen. Es kann losgehen.<\/p>\n","protected":false},"excerpt":{"rendered":"<p>Jetzt nur noch 3 mal schlafen und dann geht es los \u00fcber die gro\u00dfen franz\u00f6sischen P\u00e4sse in Richtung Nizza. So wie es aussieht bleibt der Iseran als einziger Pass wohl geschlossen. Ich pr\u00fcfe t\u00e4glich, ob er auf Grund der aktuellen &hellip; <a href=\"https:\/\/cfa.cabrio-freunde-augsburg.de\/?p=1767\">Weiterlesen <span class=\"meta-nav\">&rarr;<\/span><\/a><\/p>\n","protected":false},"author":1,"featured_media":0,"comment_status":"open","ping_status":"open","sticky":false,"template":"","format":"gallery","meta":{"footnotes":""},"categories":[4],"tags":[],"class_list":["post-1767","post","type-post","status-publish","format-gallery","hentry","category-mehrtagesausfahrt","post_format-post-format-gallery"],"_links":{"self":[{"href":"https:\/\/cfa.cabrio-freunde-augsburg.de\/index.php?rest_route=\/wp\/v2\/posts\/1767","targetHints":{"allow":["GET"]}}],"collection":[{"href":"https:\/\/cfa.cabrio-freunde-augsburg.de\/index.php?rest_route=\/wp\/v2\/posts"}],"about":[{"href":"https:\/\/cfa.cabrio-freunde-augsburg.de\/index.php?rest_route=\/wp\/v2\/types\/post"}],"author":[{"embeddable":true,"href":"https:\/\/cfa.cabrio-freunde-augsburg.de\/index.php?rest_route=\/wp\/v2\/users\/1"}],"replies":[{"embeddable":true,"href":"https:\/\/cfa.cabrio-freunde-augsburg.de\/index.php?rest_route=%2Fwp%2Fv2%2Fcomments&post=1767"}],"version-history":[{"count":2,"href":"https:\/\/cfa.cabrio-freunde-augsburg.de\/index.php?rest_route=\/wp\/v2\/posts\/1767\/revisions"}],"predecessor-version":[{"id":1769,"href":"https:\/\/cfa.cabrio-freunde-augsburg.de\/index.php?rest_route=\/wp\/v2\/posts\/1767\/revisions\/1769"}],"wp:attachment":[{"href":"https:\/\/cfa.cabrio-freunde-augsburg.de\/index.php?rest_route=%2Fwp%2Fv2%2Fmedia&parent=1767"}],"wp:term":[{"taxonomy":"category","embeddable":true,"href":"https:\/\/cfa.cabrio-freunde-augsburg.de\/index.php?rest_route=%2Fwp%2Fv2%2Fcategories&post=1767"},{"taxonomy":"post_tag","embeddable":true,"href":"https:\/\/cfa.cabrio-freunde-augsburg.de\/index.php?rest_route=%2Fwp%2Fv2%2Ftags&post=1767"}],"curies":[{"name":"wp","href":"https:\/\/api.w.org\/{rel}","templated":true}]}}