{"id":340,"date":"2014-09-11T21:14:37","date_gmt":"2014-09-11T21:14:37","guid":{"rendered":"http:\/\/cfa.cabrio-freunde-augsburg.de\/?p=340"},"modified":"2014-10-06T19:29:10","modified_gmt":"2014-10-06T19:29:10","slug":"panoramastrassen-oesterreichs","status":"publish","type":"post","link":"https:\/\/cfa.cabrio-freunde-augsburg.de\/?p=340","title":{"rendered":"Panoramastrassen \u00d6sterreichs"},"content":{"rendered":"<p>Nachdem uns das Interconti in Obersalzberg den diesj\u00e4hrigen gro\u00dfen Ausflug \u201eAuf den Spuren Deutscher Geschichte\u201c ein wenig vermasselt hat, haben wir kurzfristig eine Alternative zusammengestellt. Diese Alternative steht nun unter dem Motto:<\/p>\n<p>\u201ePanorama Strassen in \u00d6sterreich\u201c<\/p>\n<p>Das Reisedatum bleibt bestehen, wir werden am Freitag den 3. Oktober starten und ich hoffe, dass das Wetter auch mitspielt. Zun\u00e4chst geht es mal wieder in Richtung Bad T\u00f6lz und von dort aus \u00fcber den Achenpass ins sch\u00f6ne Zillertal. Dort erwartet uns zun\u00e4chst die Zillertaler H\u00f6henstrasse.<\/p>\n<p><a href=\"http:\/\/cfa.cabrio-freunde-augsburg.de\/wp-content\/uploads\/2014\/09\/Gerlos_Alpenstrasse.jpg\"><img loading=\"lazy\" decoding=\"async\" class=\"alignnone size-thumbnail wp-image-344\" alt=\"Gerlos_Alpenstrasse\" src=\"http:\/\/cfa.cabrio-freunde-augsburg.de\/wp-content\/uploads\/2014\/09\/Gerlos_Alpenstrasse-150x150.jpg\" width=\"150\" height=\"150\" \/><\/a><\/p>\n<p>Anschliessend geht es \u00fcber den Gerlosspass weiter nach Mittersil und von dort erst nach Zell am See und schlie\u00dflich zu unserem endg\u00fcltigen Ziel nach Saalbach Hinterklemm.<\/p>\n<p>Dort erwartet uns das 5* Wellness Hotel Alpine Palace und sofern wir nicht allzu sp\u00e4t ankommen, so k\u00f6nnen wir uns noch ein wenig im Spa von den Strapazen der Fahrt erholen um dann gem\u00fctlich den Abend ausklingen zu lassen.<\/p>\n<p><a href=\"http:\/\/cfa.cabrio-freunde-augsburg.de\/wp-content\/uploads\/2014\/09\/lob_1366.jpg\"><img loading=\"lazy\" decoding=\"async\" src=\"http:\/\/cfa.cabrio-freunde-augsburg.de\/wp-content\/uploads\/2014\/09\/lob_1366-150x150.jpg\" alt=\"lob_1366\" width=\"150\" height=\"150\" class=\"alignnone size-thumbnail wp-image-349\" \/><\/a><\/p>\n<p>Der Samstag bildet den eigentlichen H\u00f6hepunkt der Ausfahrt.<\/p>\n<p><a href=\"http:\/\/cfa.cabrio-freunde-augsburg.de\/wp-content\/uploads\/2014\/09\/hochalpenstrasse.jpg\"><img loading=\"lazy\" decoding=\"async\" class=\"alignnone size-thumbnail wp-image-342\" alt=\"hochalpenstrasse\" src=\"http:\/\/cfa.cabrio-freunde-augsburg.de\/wp-content\/uploads\/2014\/09\/hochalpenstrasse-150x150.jpg\" width=\"150\" height=\"150\" \/><\/a><\/p>\n<p>Die Gro\u00dfglockner Hochalpenstrasse ist eine der beeindruckendsten Panoramastrassen. Von dort aus geht es in Richtung Spittal um dann in einem kurzen Bogen zur Nockalm H\u00f6henstrasse zu gelangen. Die Schleife f\u00fchrt uns zur\u00fcck nach Spittal um dann die Runde wiederum \u00fcber Zell am See zu schlie\u00dfen und \u00a0ins Hotel zur\u00fcck zu kehren. Hier lassen wir den Abend wieder gem\u00fctlich ausklingen.<\/p>\n<p><a href=\"http:\/\/cfa.cabrio-freunde-augsburg.de\/wp-content\/uploads\/2014\/09\/nockalmstrasse_2.jpg\"><img loading=\"lazy\" decoding=\"async\" class=\"alignnone size-thumbnail wp-image-345\" alt=\"nockalmstrasse_2\" src=\"http:\/\/cfa.cabrio-freunde-augsburg.de\/wp-content\/uploads\/2014\/09\/nockalmstrasse_2-150x150.jpg\" width=\"150\" height=\"150\" \/><\/a><\/p>\n<p>Der Sonntag \u00a0startet etwas entspannter mit Ausschlafen und einem sp\u00e4ten Fr\u00fchst\u00fcck. Gegen Mittag werden wir aufbrechen und \u00fcber St. Johann und Kitzb\u00fchel den Heimweg antreten. Je nach Lust und Laune und der aktuellen Verkehrslage k\u00f6nnen wir auf dem schnellsten Weg \u00fcber die Autobahn nach Hause kommen oder den Weg \u00fcber Schliersee w\u00e4hlen.<\/p>\n<p>Ich hoffe, dass uns das Wetter den Ausflug nicht vermiest. Sonst bleibt uns nur noch der Wellness Bereich des Hotels und die H\u00f6hensonne.<\/p>\n<p>In Vorfreude auf diesen Ausflug<\/p>\n<p>Roland<\/p>\n<p>PS: Der Bericht ist online. Siehe <a href=\"http:\/\/cfa.cabrio-freunde-augsburg.de\/?page_id=384\" title=\"Panoramastrassen \u00d6sterreich\">Panoramastrassen \u00d6sterreich<\/a><\/p>\n","protected":false},"excerpt":{"rendered":"<p>Nachdem uns das Interconti in Obersalzberg den diesj\u00e4hrigen gro\u00dfen Ausflug \u201eAuf den Spuren Deutscher Geschichte\u201c ein wenig vermasselt hat, haben wir kurzfristig eine Alternative zusammengestellt. Diese Alternative steht nun unter dem Motto: \u201ePanorama Strassen in \u00d6sterreich\u201c Das Reisedatum bleibt bestehen, &hellip; <a href=\"https:\/\/cfa.cabrio-freunde-augsburg.de\/?p=340\">Weiterlesen <span class=\"meta-nav\">&rarr;<\/span><\/a><\/p>\n","protected":false},"author":1,"featured_media":0,"comment_status":"open","ping_status":"open","sticky":false,"template":"","format":"gallery","meta":{"footnotes":""},"categories":[1,4],"tags":[],"class_list":["post-340","post","type-post","status-publish","format-gallery","hentry","category-uncategorized","category-mehrtagesausfahrt","post_format-post-format-gallery"],"_links":{"self":[{"href":"https:\/\/cfa.cabrio-freunde-augsburg.de\/index.php?rest_route=\/wp\/v2\/posts\/340","targetHints":{"allow":["GET"]}}],"collection":[{"href":"https:\/\/cfa.cabrio-freunde-augsburg.de\/index.php?rest_route=\/wp\/v2\/posts"}],"about":[{"href":"https:\/\/cfa.cabrio-freunde-augsburg.de\/index.php?rest_route=\/wp\/v2\/types\/post"}],"author":[{"embeddable":true,"href":"https:\/\/cfa.cabrio-freunde-augsburg.de\/index.php?rest_route=\/wp\/v2\/users\/1"}],"replies":[{"embeddable":true,"href":"https:\/\/cfa.cabrio-freunde-augsburg.de\/index.php?rest_route=%2Fwp%2Fv2%2Fcomments&post=340"}],"version-history":[{"count":9,"href":"https:\/\/cfa.cabrio-freunde-augsburg.de\/index.php?rest_route=\/wp\/v2\/posts\/340\/revisions"}],"predecessor-version":[{"id":393,"href":"https:\/\/cfa.cabrio-freunde-augsburg.de\/index.php?rest_route=\/wp\/v2\/posts\/340\/revisions\/393"}],"wp:attachment":[{"href":"https:\/\/cfa.cabrio-freunde-augsburg.de\/index.php?rest_route=%2Fwp%2Fv2%2Fmedia&parent=340"}],"wp:term":[{"taxonomy":"category","embeddable":true,"href":"https:\/\/cfa.cabrio-freunde-augsburg.de\/index.php?rest_route=%2Fwp%2Fv2%2Fcategories&post=340"},{"taxonomy":"post_tag","embeddable":true,"href":"https:\/\/cfa.cabrio-freunde-augsburg.de\/index.php?rest_route=%2Fwp%2Fv2%2Ftags&post=340"}],"curies":[{"name":"wp","href":"https:\/\/api.w.org\/{rel}","templated":true}]}}