{"id":351,"date":"2014-09-14T19:42:26","date_gmt":"2014-09-14T19:42:26","guid":{"rendered":"http:\/\/cfa.cabrio-freunde-augsburg.de\/?p=351"},"modified":"2014-09-15T17:45:26","modified_gmt":"2014-09-15T17:45:26","slug":"jochens-herrentour-2014","status":"publish","type":"post","link":"https:\/\/cfa.cabrio-freunde-augsburg.de\/?p=351","title":{"rendered":"Jochens Herrentour 2014"},"content":{"rendered":"<p>Jochen hatte f\u00fcr das Wochenende vom 12. September bis 14. September zu einer privaten Herrentour mit seinen Freunden eingeladen. Gl\u00fccklicherweise z\u00e4hlen dazu auch ein paar Mitglieder unseres CFA und so haben sich auch noch Manfred und ich angeschlossen. Das Motto stand voll unter &#8222;Schweizer Alpenp\u00e4sse&#8220;. So war auch unser Domizil oder zentraler St\u00fctzpunkt f\u00fcr die Ausfahrten ein kleines Hotel auf dem St. Bernhard Pass.<\/p>\n<p>Am ersten Tag fuhren wir zuerst \u00fcber die Autobahn in Richtung Schweiz und haben uns dann auf Landstrassen durch Lichtenstein (leider musste niemand in Ermangelung von Konten dort anhalten) bewegt und so ging es weiter nach Davos in Richtung Tiefencastel. Von dort aus \u00fcber den Albula Pass und anschlie\u00dfend nach St. Moritz und \u00fcber den Maloja Pass weiter zum Spl\u00fcgen Pass und schlie\u00dflich nach St. Bernadino. Am Albula hat es tats\u00e4chlich geschneit. Daf\u00fcr wurden wir ab dem Maloja von Sonnenschein und W\u00e4rme verw\u00f6hnt.<\/p>\n<p><a href=\"http:\/\/cfa.cabrio-freunde-augsburg.de\/wp-content\/uploads\/2014\/09\/2014-09-12-um-15-11-42-_D308244.jpg\"><img loading=\"lazy\" decoding=\"async\" class=\"alignnone size-medium wp-image-352\" alt=\"mit Auto ISO und AF-C 9 Messfelder\" src=\"http:\/\/cfa.cabrio-freunde-augsburg.de\/wp-content\/uploads\/2014\/09\/2014-09-12-um-15-11-42-_D308244-300x199.jpg\" width=\"300\" height=\"199\" srcset=\"https:\/\/cfa.cabrio-freunde-augsburg.de\/wp-content\/uploads\/2014\/09\/2014-09-12-um-15-11-42-_D308244-300x199.jpg 300w, https:\/\/cfa.cabrio-freunde-augsburg.de\/wp-content\/uploads\/2014\/09\/2014-09-12-um-15-11-42-_D308244.jpg 1024w\" sizes=\"auto, (max-width: 300px) 100vw, 300px\" \/><\/a><\/p>\n<p><a href=\"http:\/\/cfa.cabrio-freunde-augsburg.de\/wp-content\/uploads\/2014\/09\/D308258.jpg\"><img loading=\"lazy\" decoding=\"async\" class=\"alignnone size-medium wp-image-364\" alt=\"mit Auto ISO und AF-C 9 Messfelder\" src=\"http:\/\/cfa.cabrio-freunde-augsburg.de\/wp-content\/uploads\/2014\/09\/D308258-300x199.jpg\" width=\"300\" height=\"199\" srcset=\"https:\/\/cfa.cabrio-freunde-augsburg.de\/wp-content\/uploads\/2014\/09\/D308258-300x199.jpg 300w, https:\/\/cfa.cabrio-freunde-augsburg.de\/wp-content\/uploads\/2014\/09\/D308258-1024x680.jpg 1024w\" sizes=\"auto, (max-width: 300px) 100vw, 300px\" \/><\/a><\/p>\n<p>Am zweiten Tag ging es dann zum Lukmanier Pass und dann nach Vals. Der R\u00fcckweg verlief erst durch die Via Mala und dann \u00fcber die alte St. Bernadino Pass Strasse.<\/p>\n<p><a href=\"http:\/\/cfa.cabrio-freunde-augsburg.de\/wp-content\/uploads\/2014\/09\/2014-09-13-um-14-54-33-_D308351.jpg\"><img loading=\"lazy\" decoding=\"async\" class=\"alignnone size-medium wp-image-353\" alt=\"mit Auto ISO und AF-C 9 Messfelder\" src=\"http:\/\/cfa.cabrio-freunde-augsburg.de\/wp-content\/uploads\/2014\/09\/2014-09-13-um-14-54-33-_D308351-300x199.jpg\" width=\"300\" height=\"199\" srcset=\"https:\/\/cfa.cabrio-freunde-augsburg.de\/wp-content\/uploads\/2014\/09\/2014-09-13-um-14-54-33-_D308351-300x199.jpg 300w, https:\/\/cfa.cabrio-freunde-augsburg.de\/wp-content\/uploads\/2014\/09\/2014-09-13-um-14-54-33-_D308351.jpg 1024w\" sizes=\"auto, (max-width: 300px) 100vw, 300px\" \/><\/a><\/p>\n<p><a href=\"http:\/\/cfa.cabrio-freunde-augsburg.de\/wp-content\/uploads\/2014\/09\/2014-09-13-um-17-58-20-_D308374.jpg\"><img loading=\"lazy\" decoding=\"async\" class=\"alignnone size-medium wp-image-354\" alt=\"mit Auto ISO und AF-C 9 Messfelder\" src=\"http:\/\/cfa.cabrio-freunde-augsburg.de\/wp-content\/uploads\/2014\/09\/2014-09-13-um-17-58-20-_D308374-300x199.jpg\" width=\"300\" height=\"199\" srcset=\"https:\/\/cfa.cabrio-freunde-augsburg.de\/wp-content\/uploads\/2014\/09\/2014-09-13-um-17-58-20-_D308374-300x199.jpg 300w, https:\/\/cfa.cabrio-freunde-augsburg.de\/wp-content\/uploads\/2014\/09\/2014-09-13-um-17-58-20-_D308374.jpg 1024w\" sizes=\"auto, (max-width: 300px) 100vw, 300px\" \/><\/a><\/p>\n<p><a href=\"http:\/\/cfa.cabrio-freunde-augsburg.de\/wp-content\/uploads\/2014\/09\/2014-09-13-um-18-05-37-_D308383.jpg\"><img loading=\"lazy\" decoding=\"async\" class=\"alignnone size-medium wp-image-355\" alt=\"mit Auto ISO und AF-C 9 Messfelder\" src=\"http:\/\/cfa.cabrio-freunde-augsburg.de\/wp-content\/uploads\/2014\/09\/2014-09-13-um-18-05-37-_D308383-300x199.jpg\" width=\"300\" height=\"199\" srcset=\"https:\/\/cfa.cabrio-freunde-augsburg.de\/wp-content\/uploads\/2014\/09\/2014-09-13-um-18-05-37-_D308383-300x199.jpg 300w, https:\/\/cfa.cabrio-freunde-augsburg.de\/wp-content\/uploads\/2014\/09\/2014-09-13-um-18-05-37-_D308383.jpg 1024w\" sizes=\"auto, (max-width: 300px) 100vw, 300px\" \/><\/a><\/p>\n<p>Am letzten Tag war der H\u00f6hepunkt die alte St. Gotthard Strasse oder besser bekannt als Val Tremolo. Dort noch ein Hopser \u00fcber den Furka Pass, weiter zum Grimsel und dann \u00fcber den Susten und schlie\u00dflich \u00fcber den Klausenpass und von dort auf dem direktem Weg nach Hause.<\/p>\n<p><a href=\"http:\/\/cfa.cabrio-freunde-augsburg.de\/wp-content\/uploads\/2014\/09\/2014-09-14-um-11-05-16-_D308427.jpg\"><img loading=\"lazy\" decoding=\"async\" class=\"alignnone size-medium wp-image-357\" alt=\"mit Auto ISO und AF-C 9 Messfelder\" src=\"http:\/\/cfa.cabrio-freunde-augsburg.de\/wp-content\/uploads\/2014\/09\/2014-09-14-um-11-05-16-_D308427-300x199.jpg\" width=\"300\" height=\"199\" srcset=\"https:\/\/cfa.cabrio-freunde-augsburg.de\/wp-content\/uploads\/2014\/09\/2014-09-14-um-11-05-16-_D308427-300x199.jpg 300w, https:\/\/cfa.cabrio-freunde-augsburg.de\/wp-content\/uploads\/2014\/09\/2014-09-14-um-11-05-16-_D308427.jpg 1024w\" sizes=\"auto, (max-width: 300px) 100vw, 300px\" \/><\/a><\/p>\n<p><a href=\"http:\/\/cfa.cabrio-freunde-augsburg.de\/wp-content\/uploads\/2014\/09\/2014-09-14-um-11-25-19-_D308443.jpg\"><img loading=\"lazy\" decoding=\"async\" class=\"alignnone size-medium wp-image-358\" alt=\"mit Auto ISO und AF-C 9 Messfelder\" src=\"http:\/\/cfa.cabrio-freunde-augsburg.de\/wp-content\/uploads\/2014\/09\/2014-09-14-um-11-25-19-_D308443-300x199.jpg\" width=\"300\" height=\"199\" srcset=\"https:\/\/cfa.cabrio-freunde-augsburg.de\/wp-content\/uploads\/2014\/09\/2014-09-14-um-11-25-19-_D308443-300x199.jpg 300w, https:\/\/cfa.cabrio-freunde-augsburg.de\/wp-content\/uploads\/2014\/09\/2014-09-14-um-11-25-19-_D308443.jpg 1024w\" sizes=\"auto, (max-width: 300px) 100vw, 300px\" \/><\/a><\/p>\n<p><a href=\"http:\/\/cfa.cabrio-freunde-augsburg.de\/wp-content\/uploads\/2014\/09\/2014-09-14-um-12-48-57-_D308457.jpg\"><img loading=\"lazy\" decoding=\"async\" class=\"alignnone size-medium wp-image-359\" alt=\"mit Auto ISO und AF-C 9 Messfelder\" src=\"http:\/\/cfa.cabrio-freunde-augsburg.de\/wp-content\/uploads\/2014\/09\/2014-09-14-um-12-48-57-_D308457-300x199.jpg\" width=\"300\" height=\"199\" srcset=\"https:\/\/cfa.cabrio-freunde-augsburg.de\/wp-content\/uploads\/2014\/09\/2014-09-14-um-12-48-57-_D308457-300x199.jpg 300w, https:\/\/cfa.cabrio-freunde-augsburg.de\/wp-content\/uploads\/2014\/09\/2014-09-14-um-12-48-57-_D308457.jpg 1024w\" sizes=\"auto, (max-width: 300px) 100vw, 300px\" \/><\/a><\/p>\n<p>Danke noch mal Jochen f\u00fcr Deine Organisation und Deine Arbeit als &#8222;Busfahrer&#8220;. Viele Gr\u00fc\u00dfe auch an Thomas und Klaus, die Freunde von Jochen (neben denen des CFA) und es war uns ein Vergn\u00fcgen bei Euch mitfahren zu d\u00fcrfen.<\/p>\n<p>Viele Gr\u00fc\u00dfe<\/p>\n<p>Manfred und Roland<\/p>\n","protected":false},"excerpt":{"rendered":"<p>Jochen hatte f\u00fcr das Wochenende vom 12. September bis 14. September zu einer privaten Herrentour mit seinen Freunden eingeladen. Gl\u00fccklicherweise z\u00e4hlen dazu auch ein paar Mitglieder unseres CFA und so haben sich auch noch Manfred und ich angeschlossen. Das Motto &hellip; <a href=\"https:\/\/cfa.cabrio-freunde-augsburg.de\/?p=351\">Weiterlesen <span class=\"meta-nav\">&rarr;<\/span><\/a><\/p>\n","protected":false},"author":1,"featured_media":0,"comment_status":"open","ping_status":"open","sticky":false,"template":"","format":"gallery","meta":{"footnotes":""},"categories":[1,4],"tags":[8,9,7,10],"class_list":["post-351","post","type-post","status-publish","format-gallery","hentry","category-uncategorized","category-mehrtagesausfahrt","tag-ausfahrt","tag-ausflug","tag-herrentour","tag-jochen","post_format-post-format-gallery"],"_links":{"self":[{"href":"https:\/\/cfa.cabrio-freunde-augsburg.de\/index.php?rest_route=\/wp\/v2\/posts\/351","targetHints":{"allow":["GET"]}}],"collection":[{"href":"https:\/\/cfa.cabrio-freunde-augsburg.de\/index.php?rest_route=\/wp\/v2\/posts"}],"about":[{"href":"https:\/\/cfa.cabrio-freunde-augsburg.de\/index.php?rest_route=\/wp\/v2\/types\/post"}],"author":[{"embeddable":true,"href":"https:\/\/cfa.cabrio-freunde-augsburg.de\/index.php?rest_route=\/wp\/v2\/users\/1"}],"replies":[{"embeddable":true,"href":"https:\/\/cfa.cabrio-freunde-augsburg.de\/index.php?rest_route=%2Fwp%2Fv2%2Fcomments&post=351"}],"version-history":[{"count":8,"href":"https:\/\/cfa.cabrio-freunde-augsburg.de\/index.php?rest_route=\/wp\/v2\/posts\/351\/revisions"}],"predecessor-version":[{"id":367,"href":"https:\/\/cfa.cabrio-freunde-augsburg.de\/index.php?rest_route=\/wp\/v2\/posts\/351\/revisions\/367"}],"wp:attachment":[{"href":"https:\/\/cfa.cabrio-freunde-augsburg.de\/index.php?rest_route=%2Fwp%2Fv2%2Fmedia&parent=351"}],"wp:term":[{"taxonomy":"category","embeddable":true,"href":"https:\/\/cfa.cabrio-freunde-augsburg.de\/index.php?rest_route=%2Fwp%2Fv2%2Fcategories&post=351"},{"taxonomy":"post_tag","embeddable":true,"href":"https:\/\/cfa.cabrio-freunde-augsburg.de\/index.php?rest_route=%2Fwp%2Fv2%2Ftags&post=351"}],"curies":[{"name":"wp","href":"https:\/\/api.w.org\/{rel}","templated":true}]}}