{"id":637,"date":"2015-01-11T15:19:18","date_gmt":"2015-01-11T15:19:18","guid":{"rendered":"http:\/\/cfa.cabrio-freunde-augsburg.de\/?p=637"},"modified":"2015-01-11T15:30:48","modified_gmt":"2015-01-11T15:30:48","slug":"planungen-fuer-die-saison-2015","status":"publish","type":"post","link":"https:\/\/cfa.cabrio-freunde-augsburg.de\/?p=637","title":{"rendered":"Planungen f\u00fcr die Saison 2015"},"content":{"rendered":"<p>Wir haben die Saison 2014 erfolgreich hinter uns gebracht mit viel Freude an den Cabrio-Ausfl\u00fcgen. Die besinnliche Zeit ist auch vor\u00fcber. F\u00fcr die Fahrer mit Saisonkennzeichen n\u00e4hert sich auch so langsam die Halbzeit der cabriolosen Zeit.<\/p>\n<p>Damit die Saison 2015 \u00e4hnlich erfolgreich verl\u00e4uft sind wir schon flei\u00dfig am Planen.<\/p>\n<p>Manfred wird sich um die Er\u00f6ffnungstour k\u00fcmmern. Der Zeitpunkt ist noch offen und das Ziel bleibt vorerst noch geheim. Soviel nur vorneweg, es wird ein richtiges Highlight, was man nicht alle Tage zu sehen bekommt.<\/p>\n<p>Die gro\u00dfe Tour im Sommer wird von Susanne und Niels organisiert und so wie es aussieht geht es diesmal in Richtung Gardasee und Umgebung nach Italien.<\/p>\n<p>Die Abschlusstour habe wieder ich \u00fcbernommen. Sie wird voraussichtlich von Freitag den 9. Oktober bis Sonntag den 11. Oktober dauern und uns diesmal ins Breisgau und in den Schwarzwald f\u00fchren. Dies ist eine Region, in die wir bisher noch nie vorgedrungen sind.<\/p>\n<div id=\"attachment_642\" style=\"width: 650px\" class=\"wp-caption aligncenter\"><a href=\"http:\/\/www.mercedes-benz.de\/content\/germany\/mpc\/mpc_germany_website\/de\/home_mpc\/passengercars\/home\/world\/discover\/museum\/information.html\"><img loading=\"lazy\" decoding=\"async\" aria-describedby=\"caption-attachment-642\" class=\"size-large wp-image-642\" src=\"http:\/\/cfa.cabrio-freunde-augsburg.de\/wp-content\/uploads\/2015\/01\/D4884-1024x767.jpg\" alt=\"(c) Mercedes Museum\" width=\"640\" height=\"479\" srcset=\"https:\/\/cfa.cabrio-freunde-augsburg.de\/wp-content\/uploads\/2015\/01\/D4884-1024x767.jpg 1024w, https:\/\/cfa.cabrio-freunde-augsburg.de\/wp-content\/uploads\/2015\/01\/D4884-300x225.jpg 300w\" sizes=\"auto, (max-width: 640px) 100vw, 640px\" \/><\/a><p id=\"caption-attachment-642\" class=\"wp-caption-text\">Mercedes Museum<\/p><\/div>\n<div id=\"attachment_640\" style=\"width: 650px\" class=\"wp-caption aligncenter\"><a href=\"http:\/\/www.schloss-solitude.de\"><img loading=\"lazy\" decoding=\"async\" aria-describedby=\"caption-attachment-640\" class=\"size-large wp-image-640\" src=\"http:\/\/cfa.cabrio-freunde-augsburg.de\/wp-content\/uploads\/2015\/01\/39_stuttgart_solitude_aussen_lmz973151_ssg-pressebild-1024x813.jpg\" alt=\"(c) Schloss Solitude\" width=\"640\" height=\"508\" srcset=\"https:\/\/cfa.cabrio-freunde-augsburg.de\/wp-content\/uploads\/2015\/01\/39_stuttgart_solitude_aussen_lmz973151_ssg-pressebild-1024x813.jpg 1024w, https:\/\/cfa.cabrio-freunde-augsburg.de\/wp-content\/uploads\/2015\/01\/39_stuttgart_solitude_aussen_lmz973151_ssg-pressebild-300x238.jpg 300w\" sizes=\"auto, (max-width: 640px) 100vw, 640px\" \/><\/a><p id=\"caption-attachment-640\" class=\"wp-caption-text\">Schloss Solitude<\/p><\/div>\n<p>Zwischen diesem groben Rahmenprogramm wird noch der ein oder andere Tagesausflug statt finden, der ein oder andere Stammtisch, so dass wir nur noch auf gutes Wetter hoffen m\u00fcssen, damit wir auch angemessen unsere D\u00e4cher \u00f6ffnen k\u00f6nnen.<\/p>\n<p>Zu jedem der Aktivit\u00e4ten werdet ihr dann rechtzeitig benachrichtigt. In Vorfreude auf eine gelungene Saison.<\/p>\n<p>Viele Gr\u00fc\u00dfe<\/p>\n<p>Roland<\/p>\n","protected":false},"excerpt":{"rendered":"<p>Wir haben die Saison 2014 erfolgreich hinter uns gebracht mit viel Freude an den Cabrio-Ausfl\u00fcgen. Die besinnliche Zeit ist auch vor\u00fcber. F\u00fcr die Fahrer mit Saisonkennzeichen n\u00e4hert sich auch so langsam die Halbzeit der cabriolosen Zeit. Damit die Saison 2015 &hellip; <a href=\"https:\/\/cfa.cabrio-freunde-augsburg.de\/?p=637\">Weiterlesen <span class=\"meta-nav\">&rarr;<\/span><\/a><\/p>\n","protected":false},"author":1,"featured_media":0,"comment_status":"open","ping_status":"open","sticky":false,"template":"","format":"gallery","meta":{"footnotes":""},"categories":[1,4,3],"tags":[],"class_list":["post-637","post","type-post","status-publish","format-gallery","hentry","category-uncategorized","category-mehrtagesausfahrt","category-tagesausfahrt","post_format-post-format-gallery"],"_links":{"self":[{"href":"https:\/\/cfa.cabrio-freunde-augsburg.de\/index.php?rest_route=\/wp\/v2\/posts\/637","targetHints":{"allow":["GET"]}}],"collection":[{"href":"https:\/\/cfa.cabrio-freunde-augsburg.de\/index.php?rest_route=\/wp\/v2\/posts"}],"about":[{"href":"https:\/\/cfa.cabrio-freunde-augsburg.de\/index.php?rest_route=\/wp\/v2\/types\/post"}],"author":[{"embeddable":true,"href":"https:\/\/cfa.cabrio-freunde-augsburg.de\/index.php?rest_route=\/wp\/v2\/users\/1"}],"replies":[{"embeddable":true,"href":"https:\/\/cfa.cabrio-freunde-augsburg.de\/index.php?rest_route=%2Fwp%2Fv2%2Fcomments&post=637"}],"version-history":[{"count":12,"href":"https:\/\/cfa.cabrio-freunde-augsburg.de\/index.php?rest_route=\/wp\/v2\/posts\/637\/revisions"}],"predecessor-version":[{"id":651,"href":"https:\/\/cfa.cabrio-freunde-augsburg.de\/index.php?rest_route=\/wp\/v2\/posts\/637\/revisions\/651"}],"wp:attachment":[{"href":"https:\/\/cfa.cabrio-freunde-augsburg.de\/index.php?rest_route=%2Fwp%2Fv2%2Fmedia&parent=637"}],"wp:term":[{"taxonomy":"category","embeddable":true,"href":"https:\/\/cfa.cabrio-freunde-augsburg.de\/index.php?rest_route=%2Fwp%2Fv2%2Fcategories&post=637"},{"taxonomy":"post_tag","embeddable":true,"href":"https:\/\/cfa.cabrio-freunde-augsburg.de\/index.php?rest_route=%2Fwp%2Fv2%2Ftags&post=637"}],"curies":[{"name":"wp","href":"https:\/\/api.w.org\/{rel}","templated":true}]}}